{"id":503,"date":"2014-06-15T16:03:02","date_gmt":"2014-06-15T15:03:02","guid":{"rendered":"http:\/\/torrellesisart.cat\/?p=503"},"modified":"2024-01-30T02:02:55","modified_gmt":"2024-01-30T01:02:55","slug":"guitarra-romantica","status":"publish","type":"post","link":"http:\/\/torrellesisart.cat\/es\/guitarra-romantica\/","title":{"rendered":"Guitarra rom\u00e1ntica"},"content":{"rendered":"<p>Es el modelo de guitarra que aparece a finales el siglo XVIII y a principios del siglo XIX. Se  puede considerar como el nexo entre la guitarra barroca y la guitarra cl\u00e1sica actual.<\/p>\n<p>Se caracteriza por el uso de 6 cuerdas simples, trastes fijos, diapas\u00f3n sobrepuesto a la tapa arm\u00f3nica, caja con cintura m\u00e1s escotada, alterna clavijeros de madera y clavijeros mec\u00e1nicos.<br \/>\n\n\t\t<style type=\"text\/css\">\n\t\t\t#gallery-1 {\n\t\t\t\tmargin: auto;\n\t\t\t}\n\t\t\t#gallery-1 .gallery-item {\n\t\t\t\tfloat: left;\n\t\t\t\tmargin-top: 10px;\n\t\t\t\ttext-align: center;\n\t\t\t\twidth: 33%;\n\t\t\t}\n\t\t\t#gallery-1 img {\n\t\t\t\tborder: 2px solid #cfcfcf;\n\t\t\t}\n\t\t\t#gallery-1 .gallery-caption {\n\t\t\t\tmargin-left: 0;\n\t\t\t}\n\t\t\t\/* see gallery_shortcode() in wp-includes\/media.php *\/\n\t\t<\/style>\n\t\t<div id='gallery-1' class='gallery galleryid-503 gallery-columns-3 gallery-size-thumbnail'><dl class='gallery-item'>\n\t\t\t<dt class='gallery-icon portrait'>\n\t\t\t\t<a href='http:\/\/torrellesisart.cat\/wp-content\/uploads\/2019\/08\/DSC_0666.jpg'><img width=\"180\" height=\"180\" src=\"http:\/\/torrellesisart.cat\/wp-content\/uploads\/2019\/08\/DSC_0666-180x180.jpg\" class=\"attachment-thumbnail size-thumbnail\" alt=\"\" decoding=\"async\" loading=\"lazy\" \/><\/a>\n\t\t\t<\/dt><\/dl><dl class='gallery-item'>\n\t\t\t<dt class='gallery-icon portrait'>\n\t\t\t\t<a href='http:\/\/torrellesisart.cat\/wp-content\/uploads\/2019\/08\/DSC_0671.jpg'><img width=\"180\" height=\"180\" src=\"http:\/\/torrellesisart.cat\/wp-content\/uploads\/2019\/08\/DSC_0671-180x180.jpg\" class=\"attachment-thumbnail size-thumbnail\" alt=\"\" decoding=\"async\" loading=\"lazy\" \/><\/a>\n\t\t\t<\/dt><\/dl><dl class='gallery-item'>\n\t\t\t<dt class='gallery-icon portrait'>\n\t\t\t\t<a href='http:\/\/torrellesisart.cat\/wp-content\/uploads\/2019\/08\/DSC_0673.jpg'><img width=\"180\" height=\"180\" src=\"http:\/\/torrellesisart.cat\/wp-content\/uploads\/2019\/08\/DSC_0673-180x180.jpg\" class=\"attachment-thumbnail size-thumbnail\" alt=\"\" decoding=\"async\" loading=\"lazy\" \/><\/a>\n\t\t\t<\/dt><\/dl><br style=\"clear: both\" \/>\n\t\t<\/div>\n<\/p>\n","protected":false},"excerpt":{"rendered":"<p>Es el modelo de guitarra que aparece a finales el siglo XVIII y a principios del siglo XIX. Se puede considerar como el nexo entre la guitarra barroca y la <a class=\"more-link\" href=\"http:\/\/torrellesisart.cat\/es\/guitarra-romantica\/\">Leer m&aacute;s &rarr;<\/a><\/p>\n","protected":false},"author":1,"featured_media":504,"comment_status":"closed","ping_status":"closed","sticky":false,"template":"","format":"gallery","meta":{"footnotes":""},"categories":[1],"tags":[],"_links":{"self":[{"href":"http:\/\/torrellesisart.cat\/es\/wp-json\/wp\/v2\/posts\/503"}],"collection":[{"href":"http:\/\/torrellesisart.cat\/es\/wp-json\/wp\/v2\/posts"}],"about":[{"href":"http:\/\/torrellesisart.cat\/es\/wp-json\/wp\/v2\/types\/post"}],"author":[{"embeddable":true,"href":"http:\/\/torrellesisart.cat\/es\/wp-json\/wp\/v2\/users\/1"}],"replies":[{"embeddable":true,"href":"http:\/\/torrellesisart.cat\/es\/wp-json\/wp\/v2\/comments?post=503"}],"version-history":[{"count":1,"href":"http:\/\/torrellesisart.cat\/es\/wp-json\/wp\/v2\/posts\/503\/revisions"}],"predecessor-version":[{"id":507,"href":"http:\/\/torrellesisart.cat\/es\/wp-json\/wp\/v2\/posts\/503\/revisions\/507"}],"wp:featuredmedia":[{"embeddable":true,"href":"http:\/\/torrellesisart.cat\/es\/wp-json\/wp\/v2\/media\/504"}],"wp:attachment":[{"href":"http:\/\/torrellesisart.cat\/es\/wp-json\/wp\/v2\/media?parent=503"}],"wp:term":[{"taxonomy":"category","embeddable":true,"href":"http:\/\/torrellesisart.cat\/es\/wp-json\/wp\/v2\/categories?post=503"},{"taxonomy":"post_tag","embeddable":true,"href":"http:\/\/torrellesisart.cat\/es\/wp-json\/wp\/v2\/tags?post=503"}],"curies":[{"name":"wp","href":"https:\/\/api.w.org\/{rel}","templated":true}]}}