{"id":422,"date":"2014-06-15T15:47:44","date_gmt":"2014-06-15T14:47:44","guid":{"rendered":"http:\/\/localhost\/torrelleswp\/?p=422"},"modified":"2024-01-30T02:03:22","modified_gmt":"2024-01-30T01:03:22","slug":"llaut","status":"publish","type":"post","link":"http:\/\/torrellesisart.cat\/es\/laud-espanol\/","title":{"rendered":"La\u00fad espa\u00f1ol"},"content":{"rendered":"<p>Instrumento de caja piriforme i fondo plano, con m\u00e1stil y clavijero parecido a la guitarra con seis ordenes dobles de cuerdas. Usado en distintas partes de la pen\u00ednsula ib\u00e9rica en m\u00fasica tradicional. B\u00e1sicamente hay tres modelos: el de puntas, el de efes con una caja ligeramente ondulada y el de caja de almendra (tipo Alhambra).<\/p>\n\n\t\t<style type=\"text\/css\">\n\t\t\t#gallery-1 {\n\t\t\t\tmargin: auto;\n\t\t\t}\n\t\t\t#gallery-1 .gallery-item {\n\t\t\t\tfloat: left;\n\t\t\t\tmargin-top: 10px;\n\t\t\t\ttext-align: center;\n\t\t\t\twidth: 100%;\n\t\t\t}\n\t\t\t#gallery-1 img {\n\t\t\t\tborder: 2px solid #cfcfcf;\n\t\t\t}\n\t\t\t#gallery-1 .gallery-caption {\n\t\t\t\tmargin-left: 0;\n\t\t\t}\n\t\t\t\/* see gallery_shortcode() in wp-includes\/media.php *\/\n\t\t<\/style>\n\t\t<div id='gallery-1' class='gallery galleryid-422 gallery-columns-0 gallery-size-thumbnail'><dl class='gallery-item'>\n\t\t\t<dt class='gallery-icon landscape'>\n\t\t\t\t<a href='http:\/\/torrellesisart.cat\/es\/laud-espanol\/laud-tipo-alhambra\/#main'><img width=\"180\" height=\"180\" src=\"http:\/\/torrellesisart.cat\/wp-content\/uploads\/2014\/06\/Laud-tipo-Alhambra-180x180.jpg\" class=\"attachment-thumbnail size-thumbnail\" alt=\"\" decoding=\"async\" loading=\"lazy\" \/><\/a>\n\t\t\t<\/dt><\/dl><dl class='gallery-item'>\n\t\t\t<dt class='gallery-icon portrait'>\n\t\t\t\t<a href='http:\/\/torrellesisart.cat\/es\/laud-espanol\/laud-de-ff\/#main'><img width=\"152\" height=\"180\" src=\"http:\/\/torrellesisart.cat\/wp-content\/uploads\/2014\/06\/Laud-de-FF-152x180.jpg\" class=\"attachment-thumbnail size-thumbnail\" alt=\"\" decoding=\"async\" loading=\"lazy\" \/><\/a>\n\t\t\t<\/dt><\/dl><dl class='gallery-item'>\n\t\t\t<dt class='gallery-icon portrait'>\n\t\t\t\t<a href='http:\/\/torrellesisart.cat\/es\/laud-espanol\/laud-de-puntas\/#main'><img width=\"180\" height=\"180\" src=\"http:\/\/torrellesisart.cat\/wp-content\/uploads\/2014\/06\/Laud-de-puntas-180x180.jpg\" class=\"attachment-thumbnail size-thumbnail\" alt=\"\" decoding=\"async\" loading=\"lazy\" \/><\/a>\n\t\t\t<\/dt><\/dl>\n\t\t<\/div>\n\n","protected":false},"excerpt":{"rendered":"<p>Instrumento de caja piriforme i fondo plano, con m\u00e1stil y clavijero parecido a la guitarra con seis ordenes dobles de cuerdas. Usado en distintas partes de la pen\u00ednsula ib\u00e9rica en <a class=\"more-link\" href=\"http:\/\/torrellesisart.cat\/es\/laud-espanol\/\">Leer m&aacute;s &rarr;<\/a><\/p>\n","protected":false},"author":1,"featured_media":459,"comment_status":"closed","ping_status":"closed","sticky":false,"template":"","format":"gallery","meta":{"footnotes":""},"categories":[1],"tags":[],"_links":{"self":[{"href":"http:\/\/torrellesisart.cat\/es\/wp-json\/wp\/v2\/posts\/422"}],"collection":[{"href":"http:\/\/torrellesisart.cat\/es\/wp-json\/wp\/v2\/posts"}],"about":[{"href":"http:\/\/torrellesisart.cat\/es\/wp-json\/wp\/v2\/types\/post"}],"author":[{"embeddable":true,"href":"http:\/\/torrellesisart.cat\/es\/wp-json\/wp\/v2\/users\/1"}],"replies":[{"embeddable":true,"href":"http:\/\/torrellesisart.cat\/es\/wp-json\/wp\/v2\/comments?post=422"}],"version-history":[{"count":6,"href":"http:\/\/torrellesisart.cat\/es\/wp-json\/wp\/v2\/posts\/422\/revisions"}],"predecessor-version":[{"id":615,"href":"http:\/\/torrellesisart.cat\/es\/wp-json\/wp\/v2\/posts\/422\/revisions\/615"}],"wp:featuredmedia":[{"embeddable":true,"href":"http:\/\/torrellesisart.cat\/es\/wp-json\/wp\/v2\/media\/459"}],"wp:attachment":[{"href":"http:\/\/torrellesisart.cat\/es\/wp-json\/wp\/v2\/media?parent=422"}],"wp:term":[{"taxonomy":"category","embeddable":true,"href":"http:\/\/torrellesisart.cat\/es\/wp-json\/wp\/v2\/categories?post=422"},{"taxonomy":"post_tag","embeddable":true,"href":"http:\/\/torrellesisart.cat\/es\/wp-json\/wp\/v2\/tags?post=422"}],"curies":[{"name":"wp","href":"https:\/\/api.w.org\/{rel}","templated":true}]}}