{"id":330,"date":"2014-06-15T17:11:53","date_gmt":"2014-06-15T16:11:53","guid":{"rendered":"http:\/\/localhost\/torrelleswp\/%c3%a9pinette-dels-vosgues%c3%a9pinette-de-los-vosgos"},"modified":"2024-01-30T02:00:30","modified_gmt":"2024-01-30T01:00:30","slug":"%c3%a9pinette-dels-vosgues%c3%a9pinette-de-los-vosgos","status":"publish","type":"post","link":"http:\/\/torrellesisart.cat\/es\/epinette-de-los-vosgos\/","title":{"rendered":"\u00c9pinette de los Vosgos"},"content":{"rendered":"<p>Instrumento de cuerda pulsada de la familia de las c\u00edtaras tradicional de las monta\u00f1as de los Vosgos en Francia. En la caja de resonancia se sit\u00faa un diapas\u00f3n dividido diat\u00f3nicamente por trastes. Lleva un par de cuerdas mel\u00f3dicas que se extienden sobre el diapas\u00f3n y un n\u00famero de dos a cuatro bordones de acompa\u00f1amiento. Se toca horizontalmente, sobre las rodillas o sobre de una mesa, con los dedos de la mano izquierda o con un peque\u00f1o trozo de madera se aprietan las cuerdas mel\u00f3dicas i con la otra mano se rasguea con los dedos o con un plectro.<\/p>\n\n\t\t<style type=\"text\/css\">\n\t\t\t#gallery-1 {\n\t\t\t\tmargin: auto;\n\t\t\t}\n\t\t\t#gallery-1 .gallery-item {\n\t\t\t\tfloat: left;\n\t\t\t\tmargin-top: 10px;\n\t\t\t\ttext-align: center;\n\t\t\t\twidth: 100%;\n\t\t\t}\n\t\t\t#gallery-1 img {\n\t\t\t\tborder: 2px solid #cfcfcf;\n\t\t\t}\n\t\t\t#gallery-1 .gallery-caption {\n\t\t\t\tmargin-left: 0;\n\t\t\t}\n\t\t\t\/* see gallery_shortcode() in wp-includes\/media.php *\/\n\t\t<\/style>\n\t\t<div id='gallery-1' class='gallery galleryid-330 gallery-columns-0 gallery-size-thumbnail'><dl class='gallery-item'>\n\t\t\t<dt class='gallery-icon portrait'>\n\t\t\t\t<a href='http:\/\/torrellesisart.cat\/es\/epinette-de-los-vosgos\/epinette-de-los-vosgos-1\/#main'><img width=\"180\" height=\"180\" src=\"http:\/\/torrellesisart.cat\/wp-content\/uploads\/2014\/06\/Epinette-de-los-Vosgos-1-180x180.jpg\" class=\"attachment-thumbnail size-thumbnail\" alt=\"\" decoding=\"async\" loading=\"lazy\" \/><\/a>\n\t\t\t<\/dt><\/dl><dl class='gallery-item'>\n\t\t\t<dt class='gallery-icon landscape'>\n\t\t\t\t<a href='http:\/\/torrellesisart.cat\/es\/epinette-de-los-vosgos\/epinette-de-los-vosgos-2\/#main'><img width=\"180\" height=\"180\" src=\"http:\/\/torrellesisart.cat\/wp-content\/uploads\/2014\/06\/Epinette-de-los-Vosgos-2-180x180.jpg\" class=\"attachment-thumbnail size-thumbnail\" alt=\"\" decoding=\"async\" loading=\"lazy\" \/><\/a>\n\t\t\t<\/dt><\/dl>\n\t\t<\/div>\n\n","protected":false},"excerpt":{"rendered":"<p>Instrumento de cuerda pulsada de la familia de las c\u00edtaras tradicional de las monta\u00f1as de los Vosgos en Francia. En la caja de resonancia se sit\u00faa un diapas\u00f3n dividido diat\u00f3nicamente <a class=\"more-link\" href=\"http:\/\/torrellesisart.cat\/es\/epinette-de-los-vosgos\/\">Leer m&aacute;s &rarr;<\/a><\/p>\n","protected":false},"author":1,"featured_media":331,"comment_status":"closed","ping_status":"closed","sticky":false,"template":"","format":"gallery","meta":{"footnotes":""},"categories":[1],"tags":[],"_links":{"self":[{"href":"http:\/\/torrellesisart.cat\/es\/wp-json\/wp\/v2\/posts\/330"}],"collection":[{"href":"http:\/\/torrellesisart.cat\/es\/wp-json\/wp\/v2\/posts"}],"about":[{"href":"http:\/\/torrellesisart.cat\/es\/wp-json\/wp\/v2\/types\/post"}],"author":[{"embeddable":true,"href":"http:\/\/torrellesisart.cat\/es\/wp-json\/wp\/v2\/users\/1"}],"replies":[{"embeddable":true,"href":"http:\/\/torrellesisart.cat\/es\/wp-json\/wp\/v2\/comments?post=330"}],"version-history":[{"count":3,"href":"http:\/\/torrellesisart.cat\/es\/wp-json\/wp\/v2\/posts\/330\/revisions"}],"predecessor-version":[{"id":608,"href":"http:\/\/torrellesisart.cat\/es\/wp-json\/wp\/v2\/posts\/330\/revisions\/608"}],"wp:featuredmedia":[{"embeddable":true,"href":"http:\/\/torrellesisart.cat\/es\/wp-json\/wp\/v2\/media\/331"}],"wp:attachment":[{"href":"http:\/\/torrellesisart.cat\/es\/wp-json\/wp\/v2\/media?parent=330"}],"wp:term":[{"taxonomy":"category","embeddable":true,"href":"http:\/\/torrellesisart.cat\/es\/wp-json\/wp\/v2\/categories?post=330"},{"taxonomy":"post_tag","embeddable":true,"href":"http:\/\/torrellesisart.cat\/es\/wp-json\/wp\/v2\/tags?post=330"}],"curies":[{"name":"wp","href":"https:\/\/api.w.org\/{rel}","templated":true}]}}