{"id":186,"date":"2014-06-14T17:31:19","date_gmt":"2014-06-14T16:31:19","guid":{"rendered":"http:\/\/localhost\/torrelleswp\/saltiri-de-cap-de-porcsalterio-de-cabeza-de-cerdo"},"modified":"2024-01-30T02:04:30","modified_gmt":"2024-01-30T01:04:30","slug":"saltiri-de-cap-de-porcsalterio-de-cabeza-de-cerdo","status":"publish","type":"post","link":"http:\/\/torrellesisart.cat\/es\/salterio-de-cabeza-de-cerdo\/","title":{"rendered":"Salterio de cabeza de cerdo"},"content":{"rendered":"<p>Cord\u00f3fono de la familia de las c\u00edtaras sin m\u00e1stil, sus cuerdas est\u00e1n tensadas i atadas en ambos extremos de la caja de resonancia. Se toca punteando con los dedos o con un plectro.<\/p>\n\n\t\t<style type=\"text\/css\">\n\t\t\t#gallery-1 {\n\t\t\t\tmargin: auto;\n\t\t\t}\n\t\t\t#gallery-1 .gallery-item {\n\t\t\t\tfloat: left;\n\t\t\t\tmargin-top: 10px;\n\t\t\t\ttext-align: center;\n\t\t\t\twidth: 100%;\n\t\t\t}\n\t\t\t#gallery-1 img {\n\t\t\t\tborder: 2px solid #cfcfcf;\n\t\t\t}\n\t\t\t#gallery-1 .gallery-caption {\n\t\t\t\tmargin-left: 0;\n\t\t\t}\n\t\t\t\/* see gallery_shortcode() in wp-includes\/media.php *\/\n\t\t<\/style>\n\t\t<div id='gallery-1' class='gallery galleryid-186 gallery-columns-0 gallery-size-thumbnail'><dl class='gallery-item'>\n\t\t\t<dt class='gallery-icon landscape'>\n\t\t\t\t<a href='http:\/\/torrellesisart.cat\/es\/salterio-de-cabeza-de-cerdo\/salterio-de-cabeza-de-cerdo-1\/#main'><img width=\"180\" height=\"180\" src=\"http:\/\/torrellesisart.cat\/wp-content\/uploads\/2014\/06\/Salterio-de-cabeza-de-cerdo-1-180x180.jpg\" class=\"attachment-thumbnail size-thumbnail\" alt=\"\" decoding=\"async\" loading=\"lazy\" \/><\/a>\n\t\t\t<\/dt><\/dl><dl class='gallery-item'>\n\t\t\t<dt class='gallery-icon portrait'>\n\t\t\t\t<a href='http:\/\/torrellesisart.cat\/es\/salterio-de-cabeza-de-cerdo\/salterio-de-cabeza-de-cerdo-2\/#main'><img width=\"180\" height=\"180\" src=\"http:\/\/torrellesisart.cat\/wp-content\/uploads\/2014\/06\/Salterio-de-cabeza-de-cerdo-2-180x180.jpg\" class=\"attachment-thumbnail size-thumbnail\" alt=\"\" decoding=\"async\" loading=\"lazy\" \/><\/a>\n\t\t\t<\/dt><\/dl>\n\t\t<\/div>\n\n","protected":false},"excerpt":{"rendered":"<p>Cord\u00f3fono de la familia de las c\u00edtaras sin m\u00e1stil, sus cuerdas est\u00e1n tensadas i atadas en ambos extremos de la caja de resonancia. Se toca punteando con los dedos o <a class=\"more-link\" href=\"http:\/\/torrellesisart.cat\/es\/salterio-de-cabeza-de-cerdo\/\">Leer m&aacute;s &rarr;<\/a><\/p>\n","protected":false},"author":1,"featured_media":187,"comment_status":"closed","ping_status":"closed","sticky":false,"template":"","format":"gallery","meta":{"footnotes":""},"categories":[1],"tags":[],"_links":{"self":[{"href":"http:\/\/torrellesisart.cat\/es\/wp-json\/wp\/v2\/posts\/186"}],"collection":[{"href":"http:\/\/torrellesisart.cat\/es\/wp-json\/wp\/v2\/posts"}],"about":[{"href":"http:\/\/torrellesisart.cat\/es\/wp-json\/wp\/v2\/types\/post"}],"author":[{"embeddable":true,"href":"http:\/\/torrellesisart.cat\/es\/wp-json\/wp\/v2\/users\/1"}],"replies":[{"embeddable":true,"href":"http:\/\/torrellesisart.cat\/es\/wp-json\/wp\/v2\/comments?post=186"}],"version-history":[{"count":3,"href":"http:\/\/torrellesisart.cat\/es\/wp-json\/wp\/v2\/posts\/186\/revisions"}],"predecessor-version":[{"id":622,"href":"http:\/\/torrellesisart.cat\/es\/wp-json\/wp\/v2\/posts\/186\/revisions\/622"}],"wp:featuredmedia":[{"embeddable":true,"href":"http:\/\/torrellesisart.cat\/es\/wp-json\/wp\/v2\/media\/187"}],"wp:attachment":[{"href":"http:\/\/torrellesisart.cat\/es\/wp-json\/wp\/v2\/media?parent=186"}],"wp:term":[{"taxonomy":"category","embeddable":true,"href":"http:\/\/torrellesisart.cat\/es\/wp-json\/wp\/v2\/categories?post=186"},{"taxonomy":"post_tag","embeddable":true,"href":"http:\/\/torrellesisart.cat\/es\/wp-json\/wp\/v2\/tags?post=186"}],"curies":[{"name":"wp","href":"https:\/\/api.w.org\/{rel}","templated":true}]}}