{"id":105,"date":"2014-06-15T18:54:31","date_gmt":"2014-06-15T17:54:31","guid":{"rendered":"http:\/\/localhost\/torrelleswp\/banjo-tenorbanjo-tenor"},"modified":"2024-01-30T01:59:29","modified_gmt":"2024-01-30T00:59:29","slug":"banjo-tenorbanjo-tenor","status":"publish","type":"post","link":"http:\/\/torrellesisart.cat\/es\/banjo-tenor\/","title":{"rendered":"Banjo tenor"},"content":{"rendered":"<p>Modelo de banjo de 4 cuerdas afinadas por quintas. Apto para m\u00fasica de jazz cl\u00e1sico, <i>Dixieland<\/i> o m\u00fasica folk irlandesa<\/p>\n\n\t\t<style type=\"text\/css\">\n\t\t\t#gallery-1 {\n\t\t\t\tmargin: auto;\n\t\t\t}\n\t\t\t#gallery-1 .gallery-item {\n\t\t\t\tfloat: left;\n\t\t\t\tmargin-top: 10px;\n\t\t\t\ttext-align: center;\n\t\t\t\twidth: 100%;\n\t\t\t}\n\t\t\t#gallery-1 img {\n\t\t\t\tborder: 2px solid #cfcfcf;\n\t\t\t}\n\t\t\t#gallery-1 .gallery-caption {\n\t\t\t\tmargin-left: 0;\n\t\t\t}\n\t\t\t\/* see gallery_shortcode() in wp-includes\/media.php *\/\n\t\t<\/style>\n\t\t<div id='gallery-1' class='gallery galleryid-105 gallery-columns-0 gallery-size-thumbnail'><dl class='gallery-item'>\n\t\t\t<dt class='gallery-icon portrait'>\n\t\t\t\t<a href='http:\/\/torrellesisart.cat\/es\/banjo-tenor\/banjo-tenor-1\/#main'><img width=\"180\" height=\"180\" src=\"http:\/\/torrellesisart.cat\/wp-content\/uploads\/2014\/06\/Banjo-tenor-1-e1402850144214-180x180.jpg\" class=\"attachment-thumbnail size-thumbnail\" alt=\"\" decoding=\"async\" loading=\"lazy\" \/><\/a>\n\t\t\t<\/dt><\/dl><dl class='gallery-item'>\n\t\t\t<dt class='gallery-icon portrait'>\n\t\t\t\t<a href='http:\/\/torrellesisart.cat\/es\/banjo-tenor\/banjo-tenor-2\/#main'><img width=\"180\" height=\"180\" src=\"http:\/\/torrellesisart.cat\/wp-content\/uploads\/2014\/06\/Banjo-tenor-2-e1402850189573-180x180.jpg\" class=\"attachment-thumbnail size-thumbnail\" alt=\"\" decoding=\"async\" loading=\"lazy\" \/><\/a>\n\t\t\t<\/dt><\/dl>\n\t\t<\/div>\n\n","protected":false},"excerpt":{"rendered":"<p>Modelo de banjo de 4 cuerdas afinadas por quintas. Apto para m\u00fasica de jazz cl\u00e1sico, Dixieland o m\u00fasica folk irlandesa<\/p>\n","protected":false},"author":1,"featured_media":106,"comment_status":"closed","ping_status":"closed","sticky":false,"template":"","format":"gallery","meta":{"footnotes":""},"categories":[1],"tags":[],"_links":{"self":[{"href":"http:\/\/torrellesisart.cat\/es\/wp-json\/wp\/v2\/posts\/105"}],"collection":[{"href":"http:\/\/torrellesisart.cat\/es\/wp-json\/wp\/v2\/posts"}],"about":[{"href":"http:\/\/torrellesisart.cat\/es\/wp-json\/wp\/v2\/types\/post"}],"author":[{"embeddable":true,"href":"http:\/\/torrellesisart.cat\/es\/wp-json\/wp\/v2\/users\/1"}],"replies":[{"embeddable":true,"href":"http:\/\/torrellesisart.cat\/es\/wp-json\/wp\/v2\/comments?post=105"}],"version-history":[{"count":3,"href":"http:\/\/torrellesisart.cat\/es\/wp-json\/wp\/v2\/posts\/105\/revisions"}],"predecessor-version":[{"id":603,"href":"http:\/\/torrellesisart.cat\/es\/wp-json\/wp\/v2\/posts\/105\/revisions\/603"}],"wp:featuredmedia":[{"embeddable":true,"href":"http:\/\/torrellesisart.cat\/es\/wp-json\/wp\/v2\/media\/106"}],"wp:attachment":[{"href":"http:\/\/torrellesisart.cat\/es\/wp-json\/wp\/v2\/media?parent=105"}],"wp:term":[{"taxonomy":"category","embeddable":true,"href":"http:\/\/torrellesisart.cat\/es\/wp-json\/wp\/v2\/categories?post=105"},{"taxonomy":"post_tag","embeddable":true,"href":"http:\/\/torrellesisart.cat\/es\/wp-json\/wp\/v2\/tags?post=105"}],"curies":[{"name":"wp","href":"https:\/\/api.w.org\/{rel}","templated":true}]}}